{"id":143,"date":"2016-10-13T20:32:32","date_gmt":"2016-10-13T20:32:32","guid":{"rendered":"http:\/\/www.terapiagestaltcantabria.com\/monica_perujo\/?p=143"},"modified":"2016-11-03T20:32:51","modified_gmt":"2016-11-03T20:32:51","slug":"inicio-del-taller-circulo-de-mujeres-15-de-octubre","status":"publish","type":"post","link":"https:\/\/www.terapiagestaltcantabria.com\/monica_perujo\/inicio-del-taller-circulo-de-mujeres-15-de-octubre\/","title":{"rendered":"INICIO DEL TALLER \u00abC\u00cdRCULO DE MUJERES\u00bb 15 DE OCTUBRE"},"content":{"rendered":"<p><img fetchpriority=\"high\" decoding=\"async\" src=\"http:\/\/www.terapiagestaltcantabria.com\/monica_perujo\/wp-content\/uploads\/2016\/11\/mujeres-300x83.png\" alt=\"mujeres\" width=\"1397\" height=\"387\" class=\"alignnone size-medium wp-image-144\" srcset=\"https:\/\/www.terapiagestaltcantabria.com\/monica_perujo\/wp-content\/uploads\/2016\/11\/mujeres-300x83.png 300w, https:\/\/www.terapiagestaltcantabria.com\/monica_perujo\/wp-content\/uploads\/2016\/11\/mujeres-768x213.png 768w, https:\/\/www.terapiagestaltcantabria.com\/monica_perujo\/wp-content\/uploads\/2016\/11\/mujeres-1024x284.png 1024w, https:\/\/www.terapiagestaltcantabria.com\/monica_perujo\/wp-content\/uploads\/2016\/11\/mujeres-1200x332.png 1200w, https:\/\/www.terapiagestaltcantabria.com\/monica_perujo\/wp-content\/uploads\/2016\/11\/mujeres.png 1397w\" sizes=\"(max-width: 1397px) 100vw, 1397px\" \/><\/p>\n<p>Entrando suavemente en el oto\u00f1o, a\u00fan con la brisa marina del verano en el ambiente, os anunciamos el comienzo de los talleres del \u00abC\u00edrculo de Mujeres\u00bb en Santander.<\/p>\n<p>Despu\u00e9s de la buena experiencia del pasado curso, traemos una nueva propuesta de encuentros en los que exploraremos y compartiremos aspectos de \u00abla mujer que soy hoy\u00bb.<\/p>\n<p>Con la ayuda de recursos terap\u00e9uticos gest\u00e1lticos, de la terapia regresiva, el movimiento corporal y las constelaciones familiares, revisaremos etapas vitales; distintos aspectos que conforman nuestra experiencia vital individual y en las relaciones de familia o en pareja;<br \/>\nla construcci\u00f3n de mi car\u00e1cter y mi relaci\u00f3n con lo femenino, el cuerpo y la sexualidad.<\/p>\n<p>En el espacio protector y acogedor que forma el grupo de mujeres podremos sanar heridas emocionales, permitirnos caer y descansar, ser acompa\u00f1adas cuando aparece el miedo y cuidadas amorosamente y con respeto; abrir caminos a nuestra energ\u00eda sexual y valorar las cualidades femeninas propias de cada una, as\u00ed como las masculinas.<\/p>\n<p><em>* Si eres hombre y est\u00e1s interesado en formar parte de un C\u00edrculo de Hombres, te invitamos a ponerte en contacto con nosotros ya que est\u00e1 en marcha la formaci\u00f3n de un grupo de Hombres en Santander.<\/em><\/p>\n<p>Presenta e imparte M\u00f3nica Perujo.<\/p>\n","protected":false},"excerpt":{"rendered":"<p>Entrando suavemente en el oto\u00f1o, a\u00fan con la brisa marina del verano en el ambiente, os anunciamos el comienzo de los talleres del \u00abC\u00edrculo de Mujeres\u00bb en Santander. Despu\u00e9s de la buena experiencia del pasado curso, traemos una nueva propuesta de encuentros en los que exploraremos y compartiremos aspectos de \u00abla mujer que soy hoy\u00bb. &#8230; <a title=\"INICIO DEL TALLER \u00abC\u00cdRCULO DE MUJERES\u00bb 15 DE OCTUBRE\" class=\"read-more\" href=\"https:\/\/www.terapiagestaltcantabria.com\/monica_perujo\/inicio-del-taller-circulo-de-mujeres-15-de-octubre\/\">Leer m\u00e1s <span class=\"screen-reader-text\">INICIO DEL TALLER \u00abC\u00cdRCULO DE MUJERES\u00bb 15 DE OCTUBRE<\/span><\/a><\/p>\n","protected":false},"author":2,"featured_media":0,"comment_status":"open","ping_status":"open","sticky":false,"template":"","format":"standard","meta":{"footnotes":""},"categories":[1],"tags":[],"class_list":["post-143","post","type-post","status-publish","format-standard","hentry","category-sin-categoria"],"_links":{"self":[{"href":"https:\/\/www.terapiagestaltcantabria.com\/monica_perujo\/wp-json\/wp\/v2\/posts\/143","targetHints":{"allow":["GET"]}}],"collection":[{"href":"https:\/\/www.terapiagestaltcantabria.com\/monica_perujo\/wp-json\/wp\/v2\/posts"}],"about":[{"href":"https:\/\/www.terapiagestaltcantabria.com\/monica_perujo\/wp-json\/wp\/v2\/types\/post"}],"author":[{"embeddable":true,"href":"https:\/\/www.terapiagestaltcantabria.com\/monica_perujo\/wp-json\/wp\/v2\/users\/2"}],"replies":[{"embeddable":true,"href":"https:\/\/www.terapiagestaltcantabria.com\/monica_perujo\/wp-json\/wp\/v2\/comments?post=143"}],"version-history":[{"count":2,"href":"https:\/\/www.terapiagestaltcantabria.com\/monica_perujo\/wp-json\/wp\/v2\/posts\/143\/revisions"}],"predecessor-version":[{"id":146,"href":"https:\/\/www.terapiagestaltcantabria.com\/monica_perujo\/wp-json\/wp\/v2\/posts\/143\/revisions\/146"}],"wp:attachment":[{"href":"https:\/\/www.terapiagestaltcantabria.com\/monica_perujo\/wp-json\/wp\/v2\/media?parent=143"}],"wp:term":[{"taxonomy":"category","embeddable":true,"href":"https:\/\/www.terapiagestaltcantabria.com\/monica_perujo\/wp-json\/wp\/v2\/categories?post=143"},{"taxonomy":"post_tag","embeddable":true,"href":"https:\/\/www.terapiagestaltcantabria.com\/monica_perujo\/wp-json\/wp\/v2\/tags?post=143"}],"curies":[{"name":"wp","href":"https:\/\/api.w.org\/{rel}","templated":true}]}}