{"id":283,"date":"2019-10-24T15:43:33","date_gmt":"2019-10-24T15:43:33","guid":{"rendered":"https:\/\/www.terapiagestaltcantabria.com\/monica_perujo\/?p=283"},"modified":"2022-03-17T12:42:44","modified_gmt":"2022-03-17T12:42:44","slug":"jornada-de-presentacion-de-movimiento-espontaneo","status":"publish","type":"post","link":"https:\/\/www.terapiagestaltcantabria.com\/monica_perujo\/jornada-de-presentacion-de-movimiento-espontaneo\/","title":{"rendered":"JORNADA DE PRESENTACI\u00d3N DE \u00abMOVIMIENTO ESPONT\u00c1NEO\u00bb"},"content":{"rendered":"<p>Jornada de presentaci\u00f3n de \u00abMovimiento Espont\u00e1neo\u00bb.<\/p>\n<p>Martes 5 de Noviembre a las 19:00.<br \/>\nC\/ Argentina n\u00ba17, bajo. Santander. Cantabria.<br \/>\nNecesario confirmar asistencia en el tel\u00e9fono: 610264892.<\/p>\n<p>Si te gusta esta pr\u00e1ctica y te gustar\u00eda experimentarla, te animo a venir y sentir por t\u00ed mism@.<br \/>\n\u00a1Eres bien recibid@!<\/p>\n<p>&nbsp;<\/p>\n","protected":false},"excerpt":{"rendered":"<p>Jornada de presentaci\u00f3n de \u00abMovimiento Espont\u00e1neo\u00bb. Martes 5 de Noviembre a las 19:00. C\/ Argentina n\u00ba17, bajo. Santander. Cantabria. Necesario confirmar asistencia en el tel\u00e9fono: 610264892. Si te gusta esta pr\u00e1ctica y te gustar\u00eda experimentarla, te animo a venir y sentir por t\u00ed mism@. \u00a1Eres bien recibid@! &nbsp;<\/p>\n","protected":false},"author":1,"featured_media":254,"comment_status":"closed","ping_status":"closed","sticky":false,"template":"","format":"standard","meta":{"footnotes":""},"categories":[3],"tags":[],"class_list":["post-283","post","type-post","status-publish","format-standard","has-post-thumbnail","hentry","category-blog"],"_links":{"self":[{"href":"https:\/\/www.terapiagestaltcantabria.com\/monica_perujo\/wp-json\/wp\/v2\/posts\/283","targetHints":{"allow":["GET"]}}],"collection":[{"href":"https:\/\/www.terapiagestaltcantabria.com\/monica_perujo\/wp-json\/wp\/v2\/posts"}],"about":[{"href":"https:\/\/www.terapiagestaltcantabria.com\/monica_perujo\/wp-json\/wp\/v2\/types\/post"}],"author":[{"embeddable":true,"href":"https:\/\/www.terapiagestaltcantabria.com\/monica_perujo\/wp-json\/wp\/v2\/users\/1"}],"replies":[{"embeddable":true,"href":"https:\/\/www.terapiagestaltcantabria.com\/monica_perujo\/wp-json\/wp\/v2\/comments?post=283"}],"version-history":[{"count":3,"href":"https:\/\/www.terapiagestaltcantabria.com\/monica_perujo\/wp-json\/wp\/v2\/posts\/283\/revisions"}],"predecessor-version":[{"id":286,"href":"https:\/\/www.terapiagestaltcantabria.com\/monica_perujo\/wp-json\/wp\/v2\/posts\/283\/revisions\/286"}],"wp:featuredmedia":[{"embeddable":true,"href":"https:\/\/www.terapiagestaltcantabria.com\/monica_perujo\/wp-json\/wp\/v2\/media\/254"}],"wp:attachment":[{"href":"https:\/\/www.terapiagestaltcantabria.com\/monica_perujo\/wp-json\/wp\/v2\/media?parent=283"}],"wp:term":[{"taxonomy":"category","embeddable":true,"href":"https:\/\/www.terapiagestaltcantabria.com\/monica_perujo\/wp-json\/wp\/v2\/categories?post=283"},{"taxonomy":"post_tag","embeddable":true,"href":"https:\/\/www.terapiagestaltcantabria.com\/monica_perujo\/wp-json\/wp\/v2\/tags?post=283"}],"curies":[{"name":"wp","href":"https:\/\/api.w.org\/{rel}","templated":true}]}}