{"id":441,"date":"2022-09-07T15:36:26","date_gmt":"2022-09-07T15:36:26","guid":{"rendered":"https:\/\/www.terapiagestaltcantabria.com\/monica_perujo\/?p=441"},"modified":"2022-09-07T15:36:26","modified_gmt":"2022-09-07T15:36:26","slug":"presentacion-del-mapa-que-recorreremos-en-los-proximos-meses-partiendo-de-%f0%9d%91%9a%f0%9d%91%96-%f0%9d%91%9a%f0%9d%91%9c%f0%9d%91%9a%f0%9d%91%92%f0%9d%91%9b%f0%9d%91%a1%f0%9d%91%9c-%f0%9d%91%a6","status":"publish","type":"post","link":"https:\/\/www.terapiagestaltcantabria.com\/monica_perujo\/presentacion-del-mapa-que-recorreremos-en-los-proximos-meses-partiendo-de-%f0%9d%91%9a%f0%9d%91%96-%f0%9d%91%9a%f0%9d%91%9c%f0%9d%91%9a%f0%9d%91%92%f0%9d%91%9b%f0%9d%91%a1%f0%9d%91%9c-%f0%9d%91%a6\/","title":{"rendered":"Presentaci\u00f3n del mapa que recorreremos en los pr\u00f3ximos meses, partiendo de \u00ab\ud835\udc5a\ud835\udc56 \ud835\udc5a\ud835\udc5c\ud835\udc5a\ud835\udc52\ud835\udc5b\ud835\udc61\ud835\udc5c \ud835\udc66 \ud835\udc60\ud835\udc56\ud835\udc61\ud835\udc62\ud835\udc4e\ud835\udc50\ud835\udc56\ud835\udc5c\ud835\udc5b \ud835\udc4e\ud835\udc50\ud835\udc61\ud835\udc62\ud835\udc4e\ud835\udc59\u00bb\ud83d\udc8e"},"content":{"rendered":"<p>Despoj\u00e1ndome de lo \ud835\udcb8\ud835\udcb6\ud835\udcb9\ud835\udcca\ud835\udcb8\ud835\udc5c, drenando el \u00absistema humano en desarrollo\u00bb que soy y soltando lo que ya no es. Preparando mi Ser a nivel \ud835\ude62\ud835\ude5a\ud835\ude63\ud835\ude69\ud835\ude56\ud835\ude61, \ud835\ude5b\ud835\ude5e\ud835\ude68\ud835\ude5e\ud835\ude58\ud835\ude64 \ud835\ude6e \ud835\ude5a\ud835\ude68\ud835\ude65\ud835\ude5e\ud835\ude67\ud835\ude5e\ud835\ude69\ud835\ude6a\ud835\ude56\ud835\ude61, para recibir lo nuevo que nace.<br \/>\nPara nutrirse, fortalecerse, para ser capaz de crear, para \ud835\udc53\ud835\udc59\ud835\udc5c\ud835\udc5f\ud835\udc52\ud835\udc50\ud835\udc52\ud835\udc5f \ud835\udc66 as\u00ed \ud835\udc52\ud835\udc59\ud835\udc52\ud835\udc63\ud835\udc4e\ud835\udc5f mi \ud835\udc63\ud835\udc56\ud835\udc4f\ud835\udc5f\ud835\udc4e\ud835\udc50\ud835\udc56\u00f3\ud835\udc5b en un nuevo \ud835\udc1c\ud835\udc22\ud835\udc1c\ud835\udc25\ud835\udc28 \ud835\udc2b\ud835\udc1e\ud835\udc27\ud835\udc28\ud835\udc2f\ud835\udc1a\ud835\udc1d\ud835\udc28\ud835\udc2b \ud835\udc1c\ud835\udc28\ud835\udc27\ud835\udc2c\ud835\udc1c\ud835\udc22\ud835\udc1e\ud835\udc27\ud835\udc2d\ud835\udc1e \ud83d\udc86\ud83c\udffb\u200d\u2640\ufe0f\u2728<br \/>\n\u1d07s\u1d1b\u1d0fs \u1d1b\u1d00\u029f\u029f\u1d07\u0280\u1d07s s\u1d0f\u0274 \u1d18\u1d00\u0280\u1d00 \u1d1b\u026a s\u026a\u2026\ud83e\udd37\ud83c\udffb<br \/>\n\u00bfTe resulta dif\u00edcil despojarte de lo viejo, de lo que ya no sirve?<br \/>\n\u00bfEst\u00e1 tan pegado a ti que crees que eso eres t\u00fa?<br \/>\n\u00bfSientes que a pesar de tu intenci\u00f3n y esfuerzos no logras que mejore tu vida?<br \/>\n\u00bfTe gustar\u00eda explorar tu mapa interior de juicios y creencias para saber qu\u00e9 es lo que te lo est\u00e1 dificultando?<br \/>\n\u00bfQuieres conocerte m\u00e1s y gestionarte mejor?\ud83d\ude4d\ud83c\udffb\u200d\u2640\ufe0f<br \/>\nSi estas cuestiones resuenan en ti, te animo a participar en este proceso de \ud835\udc11\ud835\udc1e\ud835\udc27\ud835\udc28\ud835\udc2f\ud835\udc1a\ud835\udc1c\ud835\udc22\ud835\udc28\ud835\udc27 \ud835\udc0f\ud835\udc1e\ud835\udc2b\ud835\udc2c\ud835\udc28\ud835\udc27\ud835\udc1a\ud835\udc25\ud83d\udee0<br \/>\n\ud83d\udccd\u23f0 Fechas y horarios de los diferentes talleres en Santander:<br \/>\n&#8211; S\u00e1bado 24 de septiembre: de 10 a 14,30<br \/>\n&#8211; S\u00e1bado 8 de octubre: de 10 a 14,30<br \/>\n&#8211; S\u00e1bado 22 de octubre: de 10 a 20,30<br \/>\n\ud83d\uddd3Intensivo fin de semana noviembre:<br \/>\n&#8211; D\u00edas 18-19 y 20 de noviembre en casa rural.<br \/>\n&#8211; S\u00e1bado 17 de diciembre: de 10 a 20,30<br \/>\n\ud83d\uddf3Informaci\u00f3n y Reserva de plaza: 610264892<br \/>\n\u270f\ufe0fCoordina: M\u00f3nica Perujo Pereira<\/p>\n","protected":false},"excerpt":{"rendered":"<p>Despoj\u00e1ndome de lo \ud835\udcb8\ud835\udcb6\ud835\udcb9\ud835\udcca\ud835\udcb8\ud835\udc5c, drenando el \u00absistema humano en desarrollo\u00bb que soy y soltando lo que ya no es. Preparando mi Ser a nivel \ud835\ude62\ud835\ude5a\ud835\ude63\ud835\ude69\ud835\ude56\ud835\ude61, \ud835\ude5b\ud835\ude5e\ud835\ude68\ud835\ude5e\ud835\ude58\ud835\ude64 \ud835\ude6e \ud835\ude5a\ud835\ude68\ud835\ude65\ud835\ude5e\ud835\ude67\ud835\ude5e\ud835\ude69\ud835\ude6a\ud835\ude56\ud835\ude61, para recibir lo nuevo que nace. Para nutrirse, fortalecerse, para ser capaz de crear, para \ud835\udc53\ud835\udc59\ud835\udc5c\ud835\udc5f\ud835\udc52\ud835\udc50\ud835\udc52\ud835\udc5f \ud835\udc66 as\u00ed \ud835\udc52\ud835\udc59\ud835\udc52\ud835\udc63\ud835\udc4e\ud835\udc5f mi \ud835\udc63\ud835\udc56\ud835\udc4f\ud835\udc5f\ud835\udc4e\ud835\udc50\ud835\udc56\u00f3\ud835\udc5b en un nuevo \ud835\udc1c\ud835\udc22\ud835\udc1c\ud835\udc25\ud835\udc28 \ud835\udc2b\ud835\udc1e\ud835\udc27\ud835\udc28\ud835\udc2f\ud835\udc1a\ud835\udc1d\ud835\udc28\ud835\udc2b \ud835\udc1c\ud835\udc28\ud835\udc27\ud835\udc2c\ud835\udc1c\ud835\udc22\ud835\udc1e\ud835\udc27\ud835\udc2d\ud835\udc1e &#8230; <a title=\"Presentaci\u00f3n del mapa que recorreremos en los pr\u00f3ximos meses, partiendo de \u00ab\ud835\udc5a\ud835\udc56 \ud835\udc5a\ud835\udc5c\ud835\udc5a\ud835\udc52\ud835\udc5b\ud835\udc61\ud835\udc5c \ud835\udc66 \ud835\udc60\ud835\udc56\ud835\udc61\ud835\udc62\ud835\udc4e\ud835\udc50\ud835\udc56\ud835\udc5c\ud835\udc5b \ud835\udc4e\ud835\udc50\ud835\udc61\ud835\udc62\ud835\udc4e\ud835\udc59\u00bb\ud83d\udc8e\" class=\"read-more\" href=\"https:\/\/www.terapiagestaltcantabria.com\/monica_perujo\/presentacion-del-mapa-que-recorreremos-en-los-proximos-meses-partiendo-de-%f0%9d%91%9a%f0%9d%91%96-%f0%9d%91%9a%f0%9d%91%9c%f0%9d%91%9a%f0%9d%91%92%f0%9d%91%9b%f0%9d%91%a1%f0%9d%91%9c-%f0%9d%91%a6\/\">Leer m\u00e1s <span class=\"screen-reader-text\">Presentaci\u00f3n del mapa que recorreremos en los pr\u00f3ximos meses, partiendo de \u00ab\ud835\udc5a\ud835\udc56 \ud835\udc5a\ud835\udc5c\ud835\udc5a\ud835\udc52\ud835\udc5b\ud835\udc61\ud835\udc5c \ud835\udc66 \ud835\udc60\ud835\udc56\ud835\udc61\ud835\udc62\ud835\udc4e\ud835\udc50\ud835\udc56\ud835\udc5c\ud835\udc5b \ud835\udc4e\ud835\udc50\ud835\udc61\ud835\udc62\ud835\udc4e\ud835\udc59\u00bb\ud83d\udc8e<\/span><\/a><\/p>\n","protected":false},"author":1,"featured_media":442,"comment_status":"closed","ping_status":"closed","sticky":false,"template":"","format":"standard","meta":{"footnotes":""},"categories":[3],"tags":[],"class_list":["post-441","post","type-post","status-publish","format-standard","has-post-thumbnail","hentry","category-blog"],"_links":{"self":[{"href":"https:\/\/www.terapiagestaltcantabria.com\/monica_perujo\/wp-json\/wp\/v2\/posts\/441","targetHints":{"allow":["GET"]}}],"collection":[{"href":"https:\/\/www.terapiagestaltcantabria.com\/monica_perujo\/wp-json\/wp\/v2\/posts"}],"about":[{"href":"https:\/\/www.terapiagestaltcantabria.com\/monica_perujo\/wp-json\/wp\/v2\/types\/post"}],"author":[{"embeddable":true,"href":"https:\/\/www.terapiagestaltcantabria.com\/monica_perujo\/wp-json\/wp\/v2\/users\/1"}],"replies":[{"embeddable":true,"href":"https:\/\/www.terapiagestaltcantabria.com\/monica_perujo\/wp-json\/wp\/v2\/comments?post=441"}],"version-history":[{"count":1,"href":"https:\/\/www.terapiagestaltcantabria.com\/monica_perujo\/wp-json\/wp\/v2\/posts\/441\/revisions"}],"predecessor-version":[{"id":443,"href":"https:\/\/www.terapiagestaltcantabria.com\/monica_perujo\/wp-json\/wp\/v2\/posts\/441\/revisions\/443"}],"wp:featuredmedia":[{"embeddable":true,"href":"https:\/\/www.terapiagestaltcantabria.com\/monica_perujo\/wp-json\/wp\/v2\/media\/442"}],"wp:attachment":[{"href":"https:\/\/www.terapiagestaltcantabria.com\/monica_perujo\/wp-json\/wp\/v2\/media?parent=441"}],"wp:term":[{"taxonomy":"category","embeddable":true,"href":"https:\/\/www.terapiagestaltcantabria.com\/monica_perujo\/wp-json\/wp\/v2\/categories?post=441"},{"taxonomy":"post_tag","embeddable":true,"href":"https:\/\/www.terapiagestaltcantabria.com\/monica_perujo\/wp-json\/wp\/v2\/tags?post=441"}],"curies":[{"name":"wp","href":"https:\/\/api.w.org\/{rel}","templated":true}]}}