{"id":483,"date":"2022-12-05T10:07:08","date_gmt":"2022-12-05T10:07:08","guid":{"rendered":"https:\/\/www.terapiagestaltcantabria.com\/monica_perujo\/?p=483"},"modified":"2022-12-05T10:08:29","modified_gmt":"2022-12-05T10:08:29","slug":"taller-grupal-de-terapia-gestalty-eneagrama-de-la-personalidad-a-la-esencia","status":"publish","type":"post","link":"https:\/\/www.terapiagestaltcantabria.com\/monica_perujo\/taller-grupal-de-terapia-gestalty-eneagrama-de-la-personalidad-a-la-esencia\/","title":{"rendered":"TALLER GRUPAL DE TERAPIA GESTALT<br>Y ENEAGRAMA: De la personalidad a la Esencia."},"content":{"rendered":"\n<p>\u00abPURIFICAR LAS EMOCIONES\u00bb<br>\u00abPara liberar el Esp\u00edritu.\u00bb<\/p>\n\n\n\n<p>Aligerar el peso de los pensamientos intrusivos, revisar las creencias y actualizarlas, desinhibir los sentimientos aut\u00e9nticos y permitir que salgan a trav\u00e9s del cuerpo. Las emociones est\u00e1n fijadas a esos pensamientos y creencias, fijadas en lo que falta, en la carencia, en lugar de en lo que ya hay, y est\u00e1n registradas en los m\u00fasculos del cuerpo, que las guardan fielmente hasta que encontremos la llave para desbloquear nuestras defensas psicol\u00f3gicas, emocionales y corporales.<\/p>\n\n\n\n<p>\u00bfCu\u00e1les son los pensamientos que te pesan a ti?<br>\u00bfcu\u00e1les son las emociones que te atrapan?<br>\u00bfCu\u00e1les son las tensiones en tu cuerpo?<br>\u00bfTe atreves a trabajar en ti para liberarte?<\/p>\n\n\n\n<p>\u2692 \u029c\u1d07\u0280\u0280\u1d00\u1d0d\u026a\u1d07\u0274\u1d1b\u1d00s:<br>\ud835\udcdb\ud835\udcea \ud835\udcdc\ud835\udcee\ud835\udced\ud835\udcf2\ud835\udcfd\ud835\udcea\ud835\udcec\ud835\udcf2\u00f3\ud835\udcf7 nos da centramiento y conecta con nuestro coraz\u00f3n \ud83e\udec2<br>\ud835\udc73\ud835\udc82 \ud835\udc7b\ud835\udc86\ud835\udc93\ud835\udc82\ud835\udc91\ud835\udc8a\ud835\udc82 \ud835\udc6e\ud835\udc86\ud835\udc94\ud835\udc95\ud835\udc82\ud835\udc8d\ud835\udc95 y \ud835\udc86\ud835\udc8d \ud835\udc6c\ud835\udc8f\ud835\udc86\ud835\udc82\ud835\udc88\ud835\udc93\ud835\udc82\ud835\udc8e\ud835\udc82 \ud835\udc85\ud835\udc86 \ud835\udc8d\ud835\udc82 \ud835\udc77\ud835\udc86\ud835\udc93\ud835\udc94\ud835\udc90\ud835\udc8f\ud835\udc82\ud835\udc8d\ud835\udc8a\ud835\udc85\ud835\udc82\ud835\udc85 para identificar \u00abel valor que me doy\u00bb, \u00abc\u00f3mo me quiero-c\u00f3mo quiero\u00bb.<br>\ud835\udcd4\ud835\udcf5 \ud835\udcdc\ud835\udcf8\ud835\udcff\ud835\udcf2\ud835\udcf6\ud835\udcf2\ud835\udcee\ud835\udcf7\ud835\udcfd\ud835\udcf8 \ud835\udcd2\ud835\udcf8\ud835\udcfb\ud835\udcf9\ud835\udcf8\ud835\udcfb\ud835\udcea\ud835\udcf5 como liberaci\u00f3n de emociones reprimidas, y expresi\u00f3n de nuevos estados de ser.<br>\ud835\udc73\ud835\udc82 \ud835\udc7d\ud835\udc8a\ud835\udc94\ud835\udc96\ud835\udc82\ud835\udc8d\ud835\udc8a\ud835\udc9b\ud835\udc82\ud835\udc84\ud835\udc8a\u00f3\ud835\udc8f que nos permite Comprender, y Crear nuevos mapas e im\u00e1genes posibles para devenir en un ser m\u00e1s consciente, m\u00e1s vital y en conexi\u00f3n interior con su ser espiritual.<br>Una propuesta para empezar a salir del automatismo de nuestro ser inconsciente, y devenir en un ser Consciente.<\/p>\n\n\n\n<p>Taller Grupal \u00abTiempo de Observar Dentro de Ti\u00bb<\/p>\n\n\n\n<ul class=\"wp-block-list\"><li>\u00bfC\u00f3mo se nutre tu alma?<\/li><li>\u00bfQu\u00e9 te trae serenidad?<\/li><li>\u00bfQu\u00e9 te trae enredo y l\u00edo?<\/li><li>\u00bfQu\u00e9 trae ruido a tu vida?<\/li><\/ul>\n\n\n\n<p>17 de Diciembre<\/p>\n\n\n\n<p>10:00 &#8211; 14:30 Santander<\/p>\n\n\n\n<p>Coordina: M\u00f3nica Perujo<\/p>\n\n\n\n<p><br><\/p>\n","protected":false},"excerpt":{"rendered":"<p>\u00abPURIFICAR LAS EMOCIONES\u00bb\u00abPara liberar el Esp\u00edritu.\u00bb Aligerar el peso de los pensamientos intrusivos, revisar las creencias y actualizarlas, desinhibir los sentimientos aut\u00e9nticos y permitir que salgan a trav\u00e9s del cuerpo. Las emociones est\u00e1n fijadas a esos pensamientos y creencias, fijadas en lo que falta, en la carencia, en lugar de en lo que ya hay, &#8230; <a title=\"TALLER GRUPAL DE TERAPIA GESTALTY ENEAGRAMA: De la personalidad a la Esencia.\" class=\"read-more\" href=\"https:\/\/www.terapiagestaltcantabria.com\/monica_perujo\/taller-grupal-de-terapia-gestalty-eneagrama-de-la-personalidad-a-la-esencia\/\">Leer m\u00e1s <span class=\"screen-reader-text\">TALLER GRUPAL DE TERAPIA GESTALT<br \/>Y ENEAGRAMA: De la personalidad a la Esencia.<\/span><\/a><\/p>\n","protected":false},"author":1,"featured_media":485,"comment_status":"closed","ping_status":"closed","sticky":false,"template":"","format":"standard","meta":{"footnotes":""},"categories":[1],"tags":[],"class_list":["post-483","post","type-post","status-publish","format-standard","has-post-thumbnail","hentry","category-sin-categoria"],"_links":{"self":[{"href":"https:\/\/www.terapiagestaltcantabria.com\/monica_perujo\/wp-json\/wp\/v2\/posts\/483","targetHints":{"allow":["GET"]}}],"collection":[{"href":"https:\/\/www.terapiagestaltcantabria.com\/monica_perujo\/wp-json\/wp\/v2\/posts"}],"about":[{"href":"https:\/\/www.terapiagestaltcantabria.com\/monica_perujo\/wp-json\/wp\/v2\/types\/post"}],"author":[{"embeddable":true,"href":"https:\/\/www.terapiagestaltcantabria.com\/monica_perujo\/wp-json\/wp\/v2\/users\/1"}],"replies":[{"embeddable":true,"href":"https:\/\/www.terapiagestaltcantabria.com\/monica_perujo\/wp-json\/wp\/v2\/comments?post=483"}],"version-history":[{"count":2,"href":"https:\/\/www.terapiagestaltcantabria.com\/monica_perujo\/wp-json\/wp\/v2\/posts\/483\/revisions"}],"predecessor-version":[{"id":488,"href":"https:\/\/www.terapiagestaltcantabria.com\/monica_perujo\/wp-json\/wp\/v2\/posts\/483\/revisions\/488"}],"wp:featuredmedia":[{"embeddable":true,"href":"https:\/\/www.terapiagestaltcantabria.com\/monica_perujo\/wp-json\/wp\/v2\/media\/485"}],"wp:attachment":[{"href":"https:\/\/www.terapiagestaltcantabria.com\/monica_perujo\/wp-json\/wp\/v2\/media?parent=483"}],"wp:term":[{"taxonomy":"category","embeddable":true,"href":"https:\/\/www.terapiagestaltcantabria.com\/monica_perujo\/wp-json\/wp\/v2\/categories?post=483"},{"taxonomy":"post_tag","embeddable":true,"href":"https:\/\/www.terapiagestaltcantabria.com\/monica_perujo\/wp-json\/wp\/v2\/tags?post=483"}],"curies":[{"name":"wp","href":"https:\/\/api.w.org\/{rel}","templated":true}]}}